{"id":1167,"date":"2018-04-30T17:06:00","date_gmt":"2018-04-30T15:06:00","guid":{"rendered":"https:\/\/dynamo-observatory.net\/2018\/04\/30\/the-bmbf-and-dr-alejandro-mentaberry-mincyt-as-guests-at-awi\/"},"modified":"2020-10-22T14:32:01","modified_gmt":"2020-10-22T12:32:01","slug":"the-bmbf-and-dr-alejandro-mentaberry-mincyt-as-guests-at-awi","status":"publish","type":"post","link":"https:\/\/dynamo-observatory.net\/es\/the-bmbf-and-dr-alejandro-mentaberry-mincyt-as-guests-at-awi\/","title":{"rendered":"La BMBF y el Dr. Alejandro Mentaberry (MINCyT) como invitados en AWI"},"content":{"rendered":"\n<p>Luego del segundo Taller DynAMo en Ushuaia (9 al 13 de abril de 2018), tuvimos el gran placer de recibir al Jefe de Gabinete del Ministerio de Ciencia, Tecnolog\u00eda e Innovaci\u00f3n Productiva (MINCyT; Ministerio de Ciencia, Tecnolog\u00eda e Innovaci\u00f3n Productiva) , Dr. Alejandro N\u00e9stor Mentaberry, en el AWI para discutir planes e ideas a corto y mediano plazo para DynAMo.<\/p>\n\n\n\n<p>El Dr. Mentaberry fue recibido oficialmente por Uwe Nixdorf de la direcci\u00f3n de AWI. Varios colegas tuvieron la oportunidad de presentarle a nuestro invitado las actividades cient\u00edficas y tecnol\u00f3gicas de AWI relevantes para la investigaci\u00f3n y la gesti\u00f3n costeras. Sinhu\u00e9 Torres-Vald\u00e9s imparti\u00f3 una charla sobre \u00abTecnolog\u00eda de observaci\u00f3n marina en el AWI\u00bb. Ulrich Hoge, Thorben Wulff y Daniel Scholz dieron un recorrido por el taller de tecnolog\u00eda marina y demostraron el VSA (veh\u00edculo submarino aut\u00f3nomo). Finalmente, el primer d\u00eda termin\u00f3 con una presentaci\u00f3n sobre \u00abGesti\u00f3n de datos y portales de datos de AWI\u00bb a cargo de Ingo Schewe. Gracias a Matt Slater y Bela Buck, la ma\u00f1ana del segundo d\u00eda se pas\u00f3 en el Centro de Investigaci\u00f3n en Acuicultura (ZAF).<\/p>\n\n\n\n<p>La presentaci\u00f3n del proyecto DynAMo a los representantes del Ministerio Federal de Educaci\u00f3n e Investigaci\u00f3n (BMBF), Dr. Matthias Frattini y Jonas Kliesow, finaliz\u00f3 por la tarde con una mesa redonda e intercambio de ideas y perspectivas del desarrollo de la colaboraci\u00f3n conjunta. en el Canal Beagle. Tuvimos dos d\u00edas de discusiones muy constructivas e informativas y agradecemos a nuestros colegas por su gran apoyo y compromiso, y al Dr. Mentaberry por tomarse el tiempo para visitar el AWI.<\/p>\n","protected":false},"excerpt":{"rendered":"<p>Luego del segundo Taller DynAMo en Ushuaia (9 al 13 de abril de 2018), tuvimos el gran placer<span class=\"excerpt-hellip\"> [\u2026]<\/span><\/p>\n","protected":false},"author":2,"featured_media":825,"comment_status":"closed","ping_status":"closed","sticky":false,"template":"","format":"standard","meta":{"_acf_changed":false,"footnotes":""},"categories":[4],"tags":[],"class_list":["post-1167","post","type-post","status-publish","format-standard","has-post-thumbnail","hentry","category-news-es"],"acf":[],"yoast_head":"<!-- This site is optimized with the Yoast SEO plugin v27.5 - https:\/\/yoast.com\/product\/yoast-seo-wordpress\/ -->\n<title>La BMBF y el Dr. Alejandro Mentaberry (MINCyT) como invitados en AWI - DYNAMO<\/title>\n<meta name=\"robots\" content=\"index, follow, max-snippet:-1, max-image-preview:large, max-video-preview:-1\" \/>\n<link rel=\"canonical\" href=\"https:\/\/dynamo-observatory.net\/es\/the-bmbf-and-dr-alejandro-mentaberry-mincyt-as-guests-at-awi\/\" \/>\n<meta property=\"og:locale\" content=\"es_ES\" \/>\n<meta property=\"og:type\" content=\"article\" \/>\n<meta property=\"og:title\" content=\"La BMBF y el Dr. Alejandro Mentaberry (MINCyT) como invitados en AWI - DYNAMO\" \/>\n<meta property=\"og:description\" content=\"Luego del segundo Taller DynAMo en Ushuaia (9 al 13 de abril de 2018), tuvimos el gran placer [\u2026]\" \/>\n<meta property=\"og:url\" content=\"https:\/\/dynamo-observatory.net\/es\/the-bmbf-and-dr-alejandro-mentaberry-mincyt-as-guests-at-awi\/\" \/>\n<meta property=\"og:site_name\" content=\"DYNAMO\" \/>\n<meta property=\"article:published_time\" content=\"2018-04-30T15:06:00+00:00\" \/>\n<meta property=\"article:modified_time\" content=\"2020-10-22T12:32:01+00:00\" \/>\n<meta property=\"og:image\" content=\"https:\/\/dynamo-observatory.net\/wp-content\/uploads\/2020\/08\/2018-04-23-14-38-49_lb-1024x768.jpg\" \/>\n\t<meta property=\"og:image:width\" content=\"1024\" \/>\n\t<meta property=\"og:image:height\" content=\"768\" \/>\n\t<meta property=\"og:image:type\" content=\"image\/jpeg\" \/>\n<meta name=\"author\" content=\"Lars Beierlein\" \/>\n<meta name=\"twitter:card\" content=\"summary_large_image\" \/>\n<meta name=\"twitter:label1\" content=\"Escrito por\" \/>\n\t<meta name=\"twitter:data1\" content=\"Lars Beierlein\" \/>\n\t<meta name=\"twitter:label2\" content=\"Tiempo de lectura\" \/>\n\t<meta name=\"twitter:data2\" content=\"1 minuto\" \/>\n<script type=\"application\/ld+json\" class=\"yoast-schema-graph\">{\"@context\":\"https:\\\/\\\/schema.org\",\"@graph\":[{\"@type\":\"Article\",\"@id\":\"https:\\\/\\\/dynamo-observatory.net\\\/es\\\/the-bmbf-and-dr-alejandro-mentaberry-mincyt-as-guests-at-awi\\\/#article\",\"isPartOf\":{\"@id\":\"https:\\\/\\\/dynamo-observatory.net\\\/es\\\/the-bmbf-and-dr-alejandro-mentaberry-mincyt-as-guests-at-awi\\\/\"},\"author\":{\"name\":\"Lars Beierlein\",\"@id\":\"https:\\\/\\\/dynamo-observatory.net\\\/es\\\/#\\\/schema\\\/person\\\/32eb7acf9407d3c0ebce8a356fc12929\"},\"headline\":\"La BMBF y el Dr. Alejandro Mentaberry (MINCyT) como invitados en AWI\",\"datePublished\":\"2018-04-30T15:06:00+00:00\",\"dateModified\":\"2020-10-22T12:32:01+00:00\",\"mainEntityOfPage\":{\"@id\":\"https:\\\/\\\/dynamo-observatory.net\\\/es\\\/the-bmbf-and-dr-alejandro-mentaberry-mincyt-as-guests-at-awi\\\/\"},\"wordCount\":293,\"publisher\":{\"@id\":\"https:\\\/\\\/dynamo-observatory.net\\\/es\\\/#organization\"},\"image\":{\"@id\":\"https:\\\/\\\/dynamo-observatory.net\\\/es\\\/the-bmbf-and-dr-alejandro-mentaberry-mincyt-as-guests-at-awi\\\/#primaryimage\"},\"thumbnailUrl\":\"https:\\\/\\\/dynamo-observatory.net\\\/wp-content\\\/uploads\\\/2020\\\/08\\\/2018-04-23-14-38-49_lb.jpg\",\"articleSection\":[\"News\"],\"inLanguage\":\"es\"},{\"@type\":\"WebPage\",\"@id\":\"https:\\\/\\\/dynamo-observatory.net\\\/es\\\/the-bmbf-and-dr-alejandro-mentaberry-mincyt-as-guests-at-awi\\\/\",\"url\":\"https:\\\/\\\/dynamo-observatory.net\\\/es\\\/the-bmbf-and-dr-alejandro-mentaberry-mincyt-as-guests-at-awi\\\/\",\"name\":\"La BMBF y el Dr. Alejandro Mentaberry (MINCyT) como invitados en AWI - DYNAMO\",\"isPartOf\":{\"@id\":\"https:\\\/\\\/dynamo-observatory.net\\\/es\\\/#website\"},\"primaryImageOfPage\":{\"@id\":\"https:\\\/\\\/dynamo-observatory.net\\\/es\\\/the-bmbf-and-dr-alejandro-mentaberry-mincyt-as-guests-at-awi\\\/#primaryimage\"},\"image\":{\"@id\":\"https:\\\/\\\/dynamo-observatory.net\\\/es\\\/the-bmbf-and-dr-alejandro-mentaberry-mincyt-as-guests-at-awi\\\/#primaryimage\"},\"thumbnailUrl\":\"https:\\\/\\\/dynamo-observatory.net\\\/wp-content\\\/uploads\\\/2020\\\/08\\\/2018-04-23-14-38-49_lb.jpg\",\"datePublished\":\"2018-04-30T15:06:00+00:00\",\"dateModified\":\"2020-10-22T12:32:01+00:00\",\"breadcrumb\":{\"@id\":\"https:\\\/\\\/dynamo-observatory.net\\\/es\\\/the-bmbf-and-dr-alejandro-mentaberry-mincyt-as-guests-at-awi\\\/#breadcrumb\"},\"inLanguage\":\"es\",\"potentialAction\":[{\"@type\":\"ReadAction\",\"target\":[\"https:\\\/\\\/dynamo-observatory.net\\\/es\\\/the-bmbf-and-dr-alejandro-mentaberry-mincyt-as-guests-at-awi\\\/\"]}]},{\"@type\":\"ImageObject\",\"inLanguage\":\"es\",\"@id\":\"https:\\\/\\\/dynamo-observatory.net\\\/es\\\/the-bmbf-and-dr-alejandro-mentaberry-mincyt-as-guests-at-awi\\\/#primaryimage\",\"url\":\"https:\\\/\\\/dynamo-observatory.net\\\/wp-content\\\/uploads\\\/2020\\\/08\\\/2018-04-23-14-38-49_lb.jpg\",\"contentUrl\":\"https:\\\/\\\/dynamo-observatory.net\\\/wp-content\\\/uploads\\\/2020\\\/08\\\/2018-04-23-14-38-49_lb.jpg\",\"width\":2560,\"height\":1920,\"caption\":\"Dr. Thorben Wulff explaining the AUV to Dr. Mentaberry\"},{\"@type\":\"BreadcrumbList\",\"@id\":\"https:\\\/\\\/dynamo-observatory.net\\\/es\\\/the-bmbf-and-dr-alejandro-mentaberry-mincyt-as-guests-at-awi\\\/#breadcrumb\",\"itemListElement\":[{\"@type\":\"ListItem\",\"position\":1,\"name\":\"Home\",\"item\":\"https:\\\/\\\/dynamo-observatory.net\\\/es\\\/\"},{\"@type\":\"ListItem\",\"position\":2,\"name\":\"La BMBF y el Dr. Alejandro Mentaberry (MINCyT) como invitados en AWI\"}]},{\"@type\":\"WebSite\",\"@id\":\"https:\\\/\\\/dynamo-observatory.net\\\/es\\\/#website\",\"url\":\"https:\\\/\\\/dynamo-observatory.net\\\/es\\\/\",\"name\":\"DYNAMO\",\"description\":\"\",\"publisher\":{\"@id\":\"https:\\\/\\\/dynamo-observatory.net\\\/es\\\/#organization\"},\"potentialAction\":[{\"@type\":\"SearchAction\",\"target\":{\"@type\":\"EntryPoint\",\"urlTemplate\":\"https:\\\/\\\/dynamo-observatory.net\\\/es\\\/?s={search_term_string}\"},\"query-input\":{\"@type\":\"PropertyValueSpecification\",\"valueRequired\":true,\"valueName\":\"search_term_string\"}}],\"inLanguage\":\"es\"},{\"@type\":\"Organization\",\"@id\":\"https:\\\/\\\/dynamo-observatory.net\\\/es\\\/#organization\",\"name\":\"Dynamo Observatory\",\"url\":\"https:\\\/\\\/dynamo-observatory.net\\\/es\\\/\",\"logo\":{\"@type\":\"ImageObject\",\"inLanguage\":\"es\",\"@id\":\"https:\\\/\\\/dynamo-observatory.net\\\/es\\\/#\\\/schema\\\/logo\\\/image\\\/\",\"url\":\"https:\\\/\\\/dynamo-observatory.net\\\/wp-content\\\/uploads\\\/2020\\\/06\\\/dynamo_logo_l.jpg\",\"contentUrl\":\"https:\\\/\\\/dynamo-observatory.net\\\/wp-content\\\/uploads\\\/2020\\\/06\\\/dynamo_logo_l.jpg\",\"width\":350,\"height\":95,\"caption\":\"Dynamo Observatory\"},\"image\":{\"@id\":\"https:\\\/\\\/dynamo-observatory.net\\\/es\\\/#\\\/schema\\\/logo\\\/image\\\/\"}},{\"@type\":\"Person\",\"@id\":\"https:\\\/\\\/dynamo-observatory.net\\\/es\\\/#\\\/schema\\\/person\\\/32eb7acf9407d3c0ebce8a356fc12929\",\"name\":\"Lars Beierlein\"}]}<\/script>\n<!-- \/ Yoast SEO plugin. -->","yoast_head_json":{"title":"La BMBF y el Dr. Alejandro Mentaberry (MINCyT) como invitados en AWI - DYNAMO","robots":{"index":"index","follow":"follow","max-snippet":"max-snippet:-1","max-image-preview":"max-image-preview:large","max-video-preview":"max-video-preview:-1"},"canonical":"https:\/\/dynamo-observatory.net\/es\/the-bmbf-and-dr-alejandro-mentaberry-mincyt-as-guests-at-awi\/","og_locale":"es_ES","og_type":"article","og_title":"La BMBF y el Dr. Alejandro Mentaberry (MINCyT) como invitados en AWI - DYNAMO","og_description":"Luego del segundo Taller DynAMo en Ushuaia (9 al 13 de abril de 2018), tuvimos el gran placer [\u2026]","og_url":"https:\/\/dynamo-observatory.net\/es\/the-bmbf-and-dr-alejandro-mentaberry-mincyt-as-guests-at-awi\/","og_site_name":"DYNAMO","article_published_time":"2018-04-30T15:06:00+00:00","article_modified_time":"2020-10-22T12:32:01+00:00","og_image":[{"width":1024,"height":768,"url":"https:\/\/dynamo-observatory.net\/wp-content\/uploads\/2020\/08\/2018-04-23-14-38-49_lb-1024x768.jpg","type":"image\/jpeg"}],"author":"Lars Beierlein","twitter_card":"summary_large_image","twitter_misc":{"Escrito por":"Lars Beierlein","Tiempo de lectura":"1 minuto"},"schema":{"@context":"https:\/\/schema.org","@graph":[{"@type":"Article","@id":"https:\/\/dynamo-observatory.net\/es\/the-bmbf-and-dr-alejandro-mentaberry-mincyt-as-guests-at-awi\/#article","isPartOf":{"@id":"https:\/\/dynamo-observatory.net\/es\/the-bmbf-and-dr-alejandro-mentaberry-mincyt-as-guests-at-awi\/"},"author":{"name":"Lars Beierlein","@id":"https:\/\/dynamo-observatory.net\/es\/#\/schema\/person\/32eb7acf9407d3c0ebce8a356fc12929"},"headline":"La BMBF y el Dr. Alejandro Mentaberry (MINCyT) como invitados en AWI","datePublished":"2018-04-30T15:06:00+00:00","dateModified":"2020-10-22T12:32:01+00:00","mainEntityOfPage":{"@id":"https:\/\/dynamo-observatory.net\/es\/the-bmbf-and-dr-alejandro-mentaberry-mincyt-as-guests-at-awi\/"},"wordCount":293,"publisher":{"@id":"https:\/\/dynamo-observatory.net\/es\/#organization"},"image":{"@id":"https:\/\/dynamo-observatory.net\/es\/the-bmbf-and-dr-alejandro-mentaberry-mincyt-as-guests-at-awi\/#primaryimage"},"thumbnailUrl":"https:\/\/dynamo-observatory.net\/wp-content\/uploads\/2020\/08\/2018-04-23-14-38-49_lb.jpg","articleSection":["News"],"inLanguage":"es"},{"@type":"WebPage","@id":"https:\/\/dynamo-observatory.net\/es\/the-bmbf-and-dr-alejandro-mentaberry-mincyt-as-guests-at-awi\/","url":"https:\/\/dynamo-observatory.net\/es\/the-bmbf-and-dr-alejandro-mentaberry-mincyt-as-guests-at-awi\/","name":"La BMBF y el Dr. Alejandro Mentaberry (MINCyT) como invitados en AWI - DYNAMO","isPartOf":{"@id":"https:\/\/dynamo-observatory.net\/es\/#website"},"primaryImageOfPage":{"@id":"https:\/\/dynamo-observatory.net\/es\/the-bmbf-and-dr-alejandro-mentaberry-mincyt-as-guests-at-awi\/#primaryimage"},"image":{"@id":"https:\/\/dynamo-observatory.net\/es\/the-bmbf-and-dr-alejandro-mentaberry-mincyt-as-guests-at-awi\/#primaryimage"},"thumbnailUrl":"https:\/\/dynamo-observatory.net\/wp-content\/uploads\/2020\/08\/2018-04-23-14-38-49_lb.jpg","datePublished":"2018-04-30T15:06:00+00:00","dateModified":"2020-10-22T12:32:01+00:00","breadcrumb":{"@id":"https:\/\/dynamo-observatory.net\/es\/the-bmbf-and-dr-alejandro-mentaberry-mincyt-as-guests-at-awi\/#breadcrumb"},"inLanguage":"es","potentialAction":[{"@type":"ReadAction","target":["https:\/\/dynamo-observatory.net\/es\/the-bmbf-and-dr-alejandro-mentaberry-mincyt-as-guests-at-awi\/"]}]},{"@type":"ImageObject","inLanguage":"es","@id":"https:\/\/dynamo-observatory.net\/es\/the-bmbf-and-dr-alejandro-mentaberry-mincyt-as-guests-at-awi\/#primaryimage","url":"https:\/\/dynamo-observatory.net\/wp-content\/uploads\/2020\/08\/2018-04-23-14-38-49_lb.jpg","contentUrl":"https:\/\/dynamo-observatory.net\/wp-content\/uploads\/2020\/08\/2018-04-23-14-38-49_lb.jpg","width":2560,"height":1920,"caption":"Dr. Thorben Wulff explaining the AUV to Dr. Mentaberry"},{"@type":"BreadcrumbList","@id":"https:\/\/dynamo-observatory.net\/es\/the-bmbf-and-dr-alejandro-mentaberry-mincyt-as-guests-at-awi\/#breadcrumb","itemListElement":[{"@type":"ListItem","position":1,"name":"Home","item":"https:\/\/dynamo-observatory.net\/es\/"},{"@type":"ListItem","position":2,"name":"La BMBF y el Dr. Alejandro Mentaberry (MINCyT) como invitados en AWI"}]},{"@type":"WebSite","@id":"https:\/\/dynamo-observatory.net\/es\/#website","url":"https:\/\/dynamo-observatory.net\/es\/","name":"DYNAMO","description":"","publisher":{"@id":"https:\/\/dynamo-observatory.net\/es\/#organization"},"potentialAction":[{"@type":"SearchAction","target":{"@type":"EntryPoint","urlTemplate":"https:\/\/dynamo-observatory.net\/es\/?s={search_term_string}"},"query-input":{"@type":"PropertyValueSpecification","valueRequired":true,"valueName":"search_term_string"}}],"inLanguage":"es"},{"@type":"Organization","@id":"https:\/\/dynamo-observatory.net\/es\/#organization","name":"Dynamo Observatory","url":"https:\/\/dynamo-observatory.net\/es\/","logo":{"@type":"ImageObject","inLanguage":"es","@id":"https:\/\/dynamo-observatory.net\/es\/#\/schema\/logo\/image\/","url":"https:\/\/dynamo-observatory.net\/wp-content\/uploads\/2020\/06\/dynamo_logo_l.jpg","contentUrl":"https:\/\/dynamo-observatory.net\/wp-content\/uploads\/2020\/06\/dynamo_logo_l.jpg","width":350,"height":95,"caption":"Dynamo Observatory"},"image":{"@id":"https:\/\/dynamo-observatory.net\/es\/#\/schema\/logo\/image\/"}},{"@type":"Person","@id":"https:\/\/dynamo-observatory.net\/es\/#\/schema\/person\/32eb7acf9407d3c0ebce8a356fc12929","name":"Lars Beierlein"}]}},"_links":{"self":[{"href":"https:\/\/dynamo-observatory.net\/es\/wp-json\/wp\/v2\/posts\/1167","targetHints":{"allow":["GET"]}}],"collection":[{"href":"https:\/\/dynamo-observatory.net\/es\/wp-json\/wp\/v2\/posts"}],"about":[{"href":"https:\/\/dynamo-observatory.net\/es\/wp-json\/wp\/v2\/types\/post"}],"author":[{"embeddable":true,"href":"https:\/\/dynamo-observatory.net\/es\/wp-json\/wp\/v2\/users\/2"}],"replies":[{"embeddable":true,"href":"https:\/\/dynamo-observatory.net\/es\/wp-json\/wp\/v2\/comments?post=1167"}],"version-history":[{"count":10,"href":"https:\/\/dynamo-observatory.net\/es\/wp-json\/wp\/v2\/posts\/1167\/revisions"}],"predecessor-version":[{"id":1629,"href":"https:\/\/dynamo-observatory.net\/es\/wp-json\/wp\/v2\/posts\/1167\/revisions\/1629"}],"wp:featuredmedia":[{"embeddable":true,"href":"https:\/\/dynamo-observatory.net\/es\/wp-json\/wp\/v2\/media\/825"}],"wp:attachment":[{"href":"https:\/\/dynamo-observatory.net\/es\/wp-json\/wp\/v2\/media?parent=1167"}],"wp:term":[{"taxonomy":"category","embeddable":true,"href":"https:\/\/dynamo-observatory.net\/es\/wp-json\/wp\/v2\/categories?post=1167"},{"taxonomy":"post_tag","embeddable":true,"href":"https:\/\/dynamo-observatory.net\/es\/wp-json\/wp\/v2\/tags?post=1167"}],"curies":[{"name":"wp","href":"https:\/\/api.w.org\/{rel}","templated":true}]}}